[{"@context":"https:\/\/schema.org\/","@type":"Blog","@id":"https:\/\/www.desan.cz#Blog","headline":"Desan","description":"\nSnad ka\u017ed\u00fd web je alespo\u0148 v\u00a0n\u011b\u010dem dobr\u00fd. Ale v\u00a0p\u0159\u00edpad\u011b webu na\u0161eho si m\u016f\u017eete b\u00fdt jisti t\u00edm, \u017ee se sna\u017e\u00edme, aby byl tento dobr\u00fd \u00fapln\u011b ve v\u0161em.","url":"https:\/\/www.desan.cz","hasPart":[{"@type":"Article","@id":"https:\/\/www.desan.cz\/jsoucno-a-bazen\/","headline":"Jsoucno a baz\u00e9n","url":"https:\/\/www.desan.cz\/jsoucno-a-bazen\/","datePublished":"2025-12-27","dateModified":"2025-12-27","mainEntityOfPage":"https:\/\/www.desan.cz\/jsoucno-a-bazen\/","author":{"@type":"Person","@id":"https:\/\/www.desan.cz\/author\/#Person","name":"","url":"https:\/\/www.desan.cz\/author\/","identifier":1,"image":{"@type":"ImageObject","@id":"https:\/\/secure.gravatar.com\/avatar\/046c8368865b87ac6ea06cde0e0a80b91304a43fe31de210702ad59bbd9a1974?s=96&d=mm&r=g","url":"https:\/\/secure.gravatar.com\/avatar\/046c8368865b87ac6ea06cde0e0a80b91304a43fe31de210702ad59bbd9a1974?s=96&d=mm&r=g","height":96,"width":96}},"publisher":{"@type":"Organization","name":"desan.cz","logo":{"@type":"ImageObject","@id":"\/logo.png","url":"\/logo.png","width":600,"height":60}},"image":{"@type":"ImageObject","@id":"https:\/\/www.desan.cz\/wp-content\/uploads\/pexels-julieaagaard-1426718_6.jpg","url":"https:\/\/www.desan.cz\/wp-content\/uploads\/pexels-julieaagaard-1426718_6.jpg","height":0,"width":0},"wordCount":593,"keywords":null},{"@type":"Article","@id":"https:\/\/www.desan.cz\/propagace-vypada-rozmanite\/","headline":"Propagace vypad\u00e1 rozmanit\u011b","url":"https:\/\/www.desan.cz\/propagace-vypada-rozmanite\/","datePublished":"2025-12-12","dateModified":"2025-12-12","mainEntityOfPage":"https:\/\/www.desan.cz\/propagace-vypada-rozmanite\/","author":{"@type":"Person","@id":"https:\/\/www.desan.cz\/author\/#Person","name":"","url":"https:\/\/www.desan.cz\/author\/","identifier":1,"image":{"@type":"ImageObject","@id":"https:\/\/secure.gravatar.com\/avatar\/046c8368865b87ac6ea06cde0e0a80b91304a43fe31de210702ad59bbd9a1974?s=96&d=mm&r=g","url":"https:\/\/secure.gravatar.com\/avatar\/046c8368865b87ac6ea06cde0e0a80b91304a43fe31de210702ad59bbd9a1974?s=96&d=mm&r=g","height":96,"width":96}},"publisher":{"@type":"Organization","name":"desan.cz","logo":{"@type":"ImageObject","@id":"\/logo.png","url":"\/logo.png","width":600,"height":60}},"image":{"@type":"ImageObject","@id":"https:\/\/www.desan.cz\/wp-content\/uploads\/o_3.png","url":"https:\/\/www.desan.cz\/wp-content\/uploads\/o_3.png","height":0,"width":0},"wordCount":596,"keywords":null},{"@type":"Article","@id":"https:\/\/www.desan.cz\/mate-apple-watch\/","headline":"M\u00e1te Apple Watch?","url":"https:\/\/www.desan.cz\/mate-apple-watch\/","datePublished":"2025-11-16","dateModified":"2025-11-16","mainEntityOfPage":"https:\/\/www.desan.cz\/mate-apple-watch\/","author":{"@type":"Person","@id":"https:\/\/www.desan.cz\/author\/#Person","name":"","url":"https:\/\/www.desan.cz\/author\/","identifier":1,"image":{"@type":"ImageObject","@id":"https:\/\/secure.gravatar.com\/avatar\/046c8368865b87ac6ea06cde0e0a80b91304a43fe31de210702ad59bbd9a1974?s=96&d=mm&r=g","url":"https:\/\/secure.gravatar.com\/avatar\/046c8368865b87ac6ea06cde0e0a80b91304a43fe31de210702ad59bbd9a1974?s=96&d=mm&r=g","height":96,"width":96}},"publisher":{"@type":"Organization","name":"desan.cz","logo":{"@type":"ImageObject","@id":"\/logo.png","url":"\/logo.png","width":600,"height":60}},"image":{"@type":"ImageObject","@id":"https:\/\/www.desan.cz\/wp-content\/uploads\/apple-2362149_640_5.jpg","url":"https:\/\/www.desan.cz\/wp-content\/uploads\/apple-2362149_640_5.jpg","height":0,"width":0},"wordCount":507,"keywords":null},{"@type":"Article","@id":"https:\/\/www.desan.cz\/dokonale-zabradli\/","headline":"Dokonal\u00e9 z\u00e1bradl\u00ed","url":"https:\/\/www.desan.cz\/dokonale-zabradli\/","datePublished":"2025-10-27","dateModified":"2025-10-27","mainEntityOfPage":"https:\/\/www.desan.cz\/dokonale-zabradli\/","author":{"@type":"Person","@id":"https:\/\/www.desan.cz\/author\/#Person","name":"","url":"https:\/\/www.desan.cz\/author\/","identifier":1,"image":{"@type":"ImageObject","@id":"https:\/\/secure.gravatar.com\/avatar\/046c8368865b87ac6ea06cde0e0a80b91304a43fe31de210702ad59bbd9a1974?s=96&d=mm&r=g","url":"https:\/\/secure.gravatar.com\/avatar\/046c8368865b87ac6ea06cde0e0a80b91304a43fe31de210702ad59bbd9a1974?s=96&d=mm&r=g","height":96,"width":96}},"publisher":{"@type":"Organization","name":"desan.cz","logo":{"@type":"ImageObject","@id":"\/logo.png","url":"\/logo.png","width":600,"height":60}},"image":{"@type":"ImageObject","@id":"https:\/\/www.desan.cz\/wp-content\/uploads\/bridge-7401548_640_1.jpg","url":"https:\/\/www.desan.cz\/wp-content\/uploads\/bridge-7401548_640_1.jpg","height":0,"width":0},"wordCount":608,"keywords":null},{"@type":"Article","@id":"https:\/\/www.desan.cz\/plastova-okna-jsou-mym-spolehlivym-pritelem\/","headline":"Plastov\u00e1 okna jsou m\u00fdm spolehliv\u00fdm p\u0159\u00edtelem","url":"https:\/\/www.desan.cz\/plastova-okna-jsou-mym-spolehlivym-pritelem\/","datePublished":"2025-10-05","dateModified":"2025-10-05","mainEntityOfPage":"https:\/\/www.desan.cz\/plastova-okna-jsou-mym-spolehlivym-pritelem\/","author":{"@type":"Person","@id":"https:\/\/www.desan.cz\/author\/#Person","name":"","url":"https:\/\/www.desan.cz\/author\/","identifier":1,"image":{"@type":"ImageObject","@id":"https:\/\/secure.gravatar.com\/avatar\/046c8368865b87ac6ea06cde0e0a80b91304a43fe31de210702ad59bbd9a1974?s=96&d=mm&r=g","url":"https:\/\/secure.gravatar.com\/avatar\/046c8368865b87ac6ea06cde0e0a80b91304a43fe31de210702ad59bbd9a1974?s=96&d=mm&r=g","height":96,"width":96}},"publisher":{"@type":"Organization","name":"desan.cz","logo":{"@type":"ImageObject","@id":"\/logo.png","url":"\/logo.png","width":600,"height":60}},"image":{"@type":"ImageObject","@id":"https:\/\/www.desan.cz\/wp-content\/uploads\/hotel-1330841_640.jpg","url":"https:\/\/www.desan.cz\/wp-content\/uploads\/hotel-1330841_640.jpg","height":0,"width":0},"wordCount":555,"keywords":null},{"@type":"Article","@id":"https:\/\/www.desan.cz\/rekonstrukce-prostor-pro-novou-kuchyni\/","headline":"Rekonstrukce prostor pro novou kuchyni","url":"https:\/\/www.desan.cz\/rekonstrukce-prostor-pro-novou-kuchyni\/","datePublished":"2025-09-01","dateModified":"2025-09-01","mainEntityOfPage":"https:\/\/www.desan.cz\/rekonstrukce-prostor-pro-novou-kuchyni\/","author":{"@type":"Person","@id":"https:\/\/www.desan.cz\/author\/#Person","name":"","url":"https:\/\/www.desan.cz\/author\/","identifier":1,"image":{"@type":"ImageObject","@id":"https:\/\/secure.gravatar.com\/avatar\/046c8368865b87ac6ea06cde0e0a80b91304a43fe31de210702ad59bbd9a1974?s=96&d=mm&r=g","url":"https:\/\/secure.gravatar.com\/avatar\/046c8368865b87ac6ea06cde0e0a80b91304a43fe31de210702ad59bbd9a1974?s=96&d=mm&r=g","height":96,"width":96}},"publisher":{"@type":"Organization","name":"desan.cz","logo":{"@type":"ImageObject","@id":"\/logo.png","url":"\/logo.png","width":600,"height":60}},"image":{"@type":"ImageObject","@id":"https:\/\/www.desan.cz\/wp-content\/uploads\/ai-generated-7795820_640_4.jpg","url":"https:\/\/www.desan.cz\/wp-content\/uploads\/ai-generated-7795820_640_4.jpg","height":0,"width":0},"wordCount":620,"keywords":null},{"@type":"Article","@id":"https:\/\/www.desan.cz\/jsou-reklamni-predmety-pro-deti-eticke\/","headline":"Jsou reklamn\u00ed p\u0159edm\u011bty pro d\u011bti etick\u00e9?","url":"https:\/\/www.desan.cz\/jsou-reklamni-predmety-pro-deti-eticke\/","datePublished":"2025-08-15","dateModified":"2025-08-15","mainEntityOfPage":"https:\/\/www.desan.cz\/jsou-reklamni-predmety-pro-deti-eticke\/","author":{"@type":"Person","@id":"https:\/\/www.desan.cz\/author\/#Person","name":"","url":"https:\/\/www.desan.cz\/author\/","identifier":1,"image":{"@type":"ImageObject","@id":"https:\/\/secure.gravatar.com\/avatar\/046c8368865b87ac6ea06cde0e0a80b91304a43fe31de210702ad59bbd9a1974?s=96&d=mm&r=g","url":"https:\/\/secure.gravatar.com\/avatar\/046c8368865b87ac6ea06cde0e0a80b91304a43fe31de210702ad59bbd9a1974?s=96&d=mm&r=g","height":96,"width":96}},"publisher":{"@type":"Organization","name":"desan.cz","logo":{"@type":"ImageObject","@id":"\/logo.png","url":"\/logo.png","width":600,"height":60}},"image":{"@type":"ImageObject","@id":"https:\/\/www.desan.cz\/wp-content\/uploads\/dite3_10_10_10_10.jpg","url":"https:\/\/www.desan.cz\/wp-content\/uploads\/dite3_10_10_10_10.jpg","height":0,"width":0},"wordCount":664,"keywords":null},{"@type":"Article","@id":"https:\/\/www.desan.cz\/what-we-love\/","headline":"What we love","url":"https:\/\/www.desan.cz\/what-we-love\/","datePublished":"2025-08-03","dateModified":"2025-08-03","mainEntityOfPage":"https:\/\/www.desan.cz\/what-we-love\/","author":{"@type":"Person","@id":"https:\/\/www.desan.cz\/author\/#Person","name":"","url":"https:\/\/www.desan.cz\/author\/","identifier":1,"image":{"@type":"ImageObject","@id":"https:\/\/secure.gravatar.com\/avatar\/046c8368865b87ac6ea06cde0e0a80b91304a43fe31de210702ad59bbd9a1974?s=96&d=mm&r=g","url":"https:\/\/secure.gravatar.com\/avatar\/046c8368865b87ac6ea06cde0e0a80b91304a43fe31de210702ad59bbd9a1974?s=96&d=mm&r=g","height":96,"width":96}},"publisher":{"@type":"Organization","name":"desan.cz","logo":{"@type":"ImageObject","@id":"\/logo.png","url":"\/logo.png","width":600,"height":60}},"image":{"@type":"ImageObject","@id":"https:\/\/www.desan.cz\/wp-content\/uploads\/pexels-haleyve-2102632_3.jpg","url":"https:\/\/www.desan.cz\/wp-content\/uploads\/pexels-haleyve-2102632_3.jpg","height":0,"width":0},"wordCount":514,"keywords":null},{"@type":"Article","@id":"https:\/\/www.desan.cz\/denik-a-jeho-jednotlive-rubriky\/","headline":"Den\u00edk a jeho jednotliv\u00e9 rubriky","url":"https:\/\/www.desan.cz\/denik-a-jeho-jednotlive-rubriky\/","datePublished":"2025-07-21","dateModified":"2025-07-21","mainEntityOfPage":"https:\/\/www.desan.cz\/denik-a-jeho-jednotlive-rubriky\/","author":{"@type":"Person","@id":"https:\/\/www.desan.cz\/author\/#Person","name":"","url":"https:\/\/www.desan.cz\/author\/","identifier":1,"image":{"@type":"ImageObject","@id":"https:\/\/secure.gravatar.com\/avatar\/046c8368865b87ac6ea06cde0e0a80b91304a43fe31de210702ad59bbd9a1974?s=96&d=mm&r=g","url":"https:\/\/secure.gravatar.com\/avatar\/046c8368865b87ac6ea06cde0e0a80b91304a43fe31de210702ad59bbd9a1974?s=96&d=mm&r=g","height":96,"width":96}},"publisher":{"@type":"Organization","name":"desan.cz","logo":{"@type":"ImageObject","@id":"\/logo.png","url":"\/logo.png","width":600,"height":60}},"image":null,"wordCount":316,"keywords":null},{"@type":"Article","@id":"https:\/\/www.desan.cz\/vlastni-zkusenost-s-plastovymi-okny-je-k-nezaplaceni\/","headline":"Vlastn\u00ed zku\u0161enost s plastov\u00fdmi okny je k nezaplacen\u00ed","url":"https:\/\/www.desan.cz\/vlastni-zkusenost-s-plastovymi-okny-je-k-nezaplaceni\/","datePublished":"2025-07-13","dateModified":"2025-07-13","mainEntityOfPage":"https:\/\/www.desan.cz\/vlastni-zkusenost-s-plastovymi-okny-je-k-nezaplaceni\/","author":{"@type":"Person","@id":"https:\/\/www.desan.cz\/author\/#Person","name":"","url":"https:\/\/www.desan.cz\/author\/","identifier":1,"image":{"@type":"ImageObject","@id":"https:\/\/secure.gravatar.com\/avatar\/046c8368865b87ac6ea06cde0e0a80b91304a43fe31de210702ad59bbd9a1974?s=96&d=mm&r=g","url":"https:\/\/secure.gravatar.com\/avatar\/046c8368865b87ac6ea06cde0e0a80b91304a43fe31de210702ad59bbd9a1974?s=96&d=mm&r=g","height":96,"width":96}},"publisher":{"@type":"Organization","name":"desan.cz","logo":{"@type":"ImageObject","@id":"\/logo.png","url":"\/logo.png","width":600,"height":60}},"image":{"@type":"ImageObject","@id":"https:\/\/www.desan.cz\/wp-content\/uploads\/school-2192165_640.jpg","url":"https:\/\/www.desan.cz\/wp-content\/uploads\/school-2192165_640.jpg","height":0,"width":0},"wordCount":572,"keywords":null}]},{"@context":"https:\/\/schema.org","@type":"WebSite","@id":"https:\/\/www.desan.cz\/#website","name":"Desan","url":"https:\/\/www.desan.cz","potentialAction":{"@type":"SearchAction","target":"https:\/\/www.desan.cz\/?s={search_term_string}","query-input":"required name=search_term_string"}}]