[{"@context":"https:\/\/schema.org\/","@type":"Article","@id":"https:\/\/www.desan.cz\/denik-a-jeho-jednotlive-rubriky\/#Article","mainEntityOfPage":"https:\/\/www.desan.cz\/denik-a-jeho-jednotlive-rubriky\/","headline":"Den\u00edk a jeho jednotliv\u00e9 rubriky","name":"Den\u00edk a jeho jednotliv\u00e9 rubriky","description":"Nezahlt\u00edme v\u00e1s mno\u017estv\u00edm kr\u00e1tk\u00fdch zpr\u00e1v a samoz\u0159ejm\u011b ani p\u0159\u00edli\u0161 dlouh\u00fdch, kter\u00e9 nikoho nebav\u00ed \u010d\u00edst. Vyb\u00edr\u00e1me t\u00e9mata, kter\u00e1 maj\u00ed p\u0159esah a &hellip; <a href=\"https:\/\/www.desan.cz\/denik-a-jeho-jednotlive-rubriky\/\" class=\"more-link\"><span class=\"more-button\">P\u0159e\u010d\u00edst<span class=\"screen-reader-text\">Den\u00edk a jeho jednotliv\u00e9 rubriky<\/span><\/span><\/a>","datePublished":"2025-07-21","dateModified":"2025-07-21","author":{"@type":"Person","@id":"https:\/\/www.desan.cz\/author\/#Person","name":"","url":"https:\/\/www.desan.cz\/author\/","identifier":1,"image":{"@type":"ImageObject","@id":"https:\/\/secure.gravatar.com\/avatar\/046c8368865b87ac6ea06cde0e0a80b91304a43fe31de210702ad59bbd9a1974?s=96&d=mm&r=g","url":"https:\/\/secure.gravatar.com\/avatar\/046c8368865b87ac6ea06cde0e0a80b91304a43fe31de210702ad59bbd9a1974?s=96&d=mm&r=g","height":96,"width":96}},"publisher":{"@type":"Organization","name":"desan.cz","logo":{"@type":"ImageObject","@id":"\/logo.png","url":"\/logo.png","width":600,"height":60}},"url":"https:\/\/www.desan.cz\/denik-a-jeho-jednotlive-rubriky\/","wordCount":239,"articleBody":"         Nezahlt\u00edme v\u00e1s mno\u017estv\u00edm kr\u00e1tk\u00fdch zpr\u00e1v a samoz\u0159ejm\u011b ani p\u0159\u00edli\u0161 dlouh\u00fdch, kter\u00e9 nikoho nebav\u00ed \u010d\u00edst. Vyb\u00edr\u00e1me t\u00e9mata, kter\u00e1 maj\u00ed p\u0159esah a zaslou\u017e\u00ed si pozornost. P\u0159in\u00e1\u0161\u00edme informace, kter\u00e9 pom\u00e1haj\u00ed porozum\u011bt, ne jen zaujmout. Rubriky nejsou uzav\u0159en\u00e9 schr\u00e1nky, pr\u00e1v\u011b naopak, velmi \u010dasto mezi nimi hled\u00e1me propojen\u00ed, proto\u017ee sv\u011bt nen\u00ed rozd\u011blen\u00fd na odd\u011blen\u00e9 \u010d\u00e1sti. Chceme, aby ka\u017ed\u00e9 kliknut\u00ed v Den\u00edku m\u011blo smysl. A\u0165 u\u017e v\u00e1s zaj\u00edm\u00e1 ekonomika, spole\u010densk\u00e9 d\u011bn\u00ed nebo novinky ze sv\u011bta v\u011bdy, v\u017edy zde najdete prostor, kde je \u010das \u010d\u00edst zaj\u00edmav\u00e9 zpr\u00e1vy nebo se dozv\u011bd\u011bt podstatn\u00e9 informace v r\u016fzn\u00fdch oblastech. Noviny, kter\u00e9 mysl\u00ed spolu s v\u00e1mi Den\u00edk je zam\u011b\u0159en\u00fd na to, co se d\u011bje ve sv\u011bt\u011b, ale i na dom\u00e1c\u00ed p\u016fd\u011b. Velmi dob\u0159e strukturovan\u00e9 rubriky mohou \u010dten\u00e1\u0159\u016fm pomoci nal\u00e9zt to, co je nejv\u00edce zaj\u00edm\u00e1. A p\u0159edev\u0161\u00edm v sekci nov\u00fdch informac\u00ed se rozhodn\u011b neztrat\u00ed nikdo, sta\u010d\u00ed si kliknout na novinky a m\u00e1te je hned p\u0159ed sebou. V\u00fdhodou je, \u017ee nen\u00ed nutn\u00e1 registrace ani nemus\u00edte si nic stahovat do sv\u00e9ho po\u010d\u00edta\u010de nebo mobiln\u00edho telefonu. Ve\u0161ker\u00e9 zpr\u00e1vy jsou velmi dob\u0159e dostupn\u00e9 a p\u0159ehledn\u00e9.                                                                                                                                                                                                                                                                                                                                                                                          3.9\/5 - (7 votes)        "},{"@context":"https:\/\/schema.org\/","@type":"BreadcrumbList","itemListElement":[{"@type":"ListItem","position":1,"name":"Den\u00edk a jeho jednotliv\u00e9 rubriky","item":"https:\/\/www.desan.cz\/denik-a-jeho-jednotlive-rubriky\/#breadcrumbitem"}]}]