[{"@context":"https:\/\/schema.org\/","@type":"Article","@id":"https:\/\/www.desan.cz\/dokonale-zabradli\/#Article","mainEntityOfPage":"https:\/\/www.desan.cz\/dokonale-zabradli\/","headline":"Dokonal\u00e9 z\u00e1bradl\u00ed","name":"Dokonal\u00e9 z\u00e1bradl\u00ed","description":"Pokud tak\u00e9 pl\u00e1nujete \u00fapln\u011b nov\u00e9 z\u00e1bradl\u00ed, tak j\u00e1 bych tak\u00e9 doporu\u010dovala, abyste pop\u0159em\u00fd\u0161leli nad sklen\u011bn\u00fdm z\u00e1bradl\u00edm, proto\u017ee sklen\u011bn\u00e9 z\u00e1bradl\u00ed vypad\u00e1 &hellip; <a href=\"https:\/\/www.desan.cz\/dokonale-zabradli\/\" class=\"more-link\"><span class=\"more-button\">P\u0159e\u010d\u00edst<span class=\"screen-reader-text\">Dokonal\u00e9 z\u00e1bradl\u00ed<\/span><\/span><\/a>","datePublished":"2025-10-27","dateModified":"2025-10-27","author":{"@type":"Person","@id":"https:\/\/www.desan.cz\/author\/#Person","name":"","url":"https:\/\/www.desan.cz\/author\/","identifier":1,"image":{"@type":"ImageObject","@id":"https:\/\/secure.gravatar.com\/avatar\/046c8368865b87ac6ea06cde0e0a80b91304a43fe31de210702ad59bbd9a1974?s=96&d=mm&r=g","url":"https:\/\/secure.gravatar.com\/avatar\/046c8368865b87ac6ea06cde0e0a80b91304a43fe31de210702ad59bbd9a1974?s=96&d=mm&r=g","height":96,"width":96}},"publisher":{"@type":"Organization","name":"desan.cz","logo":{"@type":"ImageObject","@id":"\/logo.png","url":"\/logo.png","width":600,"height":60}},"image":{"@type":"ImageObject","@id":"https:\/\/www.desan.cz\/wp-content\/uploads\/bridge-7401548_640_1.jpg","url":"https:\/\/www.desan.cz\/wp-content\/uploads\/bridge-7401548_640_1.jpg","height":0,"width":0},"url":"https:\/\/www.desan.cz\/dokonale-zabradli\/","about":["V\u00fdrobky"],"wordCount":448,"articleBody":"        Pokud tak\u00e9 pl\u00e1nujete \u00fapln\u011b nov\u00e9 z\u00e1bradl\u00ed, tak j\u00e1 bych tak\u00e9 doporu\u010dovala, abyste pop\u0159em\u00fd\u0161leli nad sklen\u011bn\u00fdm z\u00e1bradl\u00edm, proto\u017ee sklen\u011bn\u00e9 z\u00e1bradl\u00ed vypad\u00e1 opravdu stylov\u011b. M\u011b osobn\u011b se sklen\u011bn\u00e9 z\u00e1bradl\u00ed moc l\u00edb\u00ed, nav\u00edc tak\u00e9 sklen\u011bn\u00e9 z\u00e1bradl\u00ed m\u016f\u017eete sehnat n\u011bkde v akci a to znamen\u00e1, \u017ee kdy\u017e se\u017eenete sklen\u011bn\u00e9 z\u00e1bradl\u00ed v akci, \u017ee u\u0161et\u0159\u00edte tak\u00e9 spoustu pen\u011bz. Mnoho lid\u00ed se ale div\u00ed, jak m\u016f\u017ee v\u016fbec dob\u0159e fungovat sklen\u011bn\u00e9 z\u00e1bradl\u00ed. \u0158eknu v\u00e1m, \u017ee toto z\u00e1bradl\u00ed funguje opravdu skv\u011ble. Vypad\u00e1 stylov\u011b. Mnoho lid\u00ed si tak\u00e9 mysl\u00ed, \u017ee se jednodu\u0161e rozbije. Samoz\u0159ejm\u011b, \u017ee kdy\u017e na to hod\u00edte n\u011bkolik cihel, \u017ee se to rozbije, ale p\u0159edpokl\u00e1d\u00e1m, \u017ee kdy\u017e se k n\u011bmu budete chovat \u00fapln\u011b norm\u00e1ln\u011b jako \u010dlov\u011bk, tak se sklen\u011bn\u00e9mu z\u00e1bradl\u00ed absolutn\u011b nic nestane. Sklen\u011bn\u00e9 z\u00e1bradl\u00ed vypad\u00e1 opravdu stylov\u011b a mnoho lid\u00ed si mysl\u00ed, \u017ee sklen\u011bn\u00e9 z\u00e1bradl\u00ed je stra\u0161n\u011b drah\u00e9. Ale v\u011b\u0159te, \u017ee kdy\u017e si po\u0159\u00edd\u00edte nap\u0159\u00edklad d\u0159ev\u011bn\u00e9 z\u00e1bradl\u00ed, \u017ee to bude dra\u017e\u0161\u00ed, ne\u017e kdybyste si pr\u00e1v\u011b po\u0159\u00eddili sklen\u011bn\u00e9 z\u00e1bradl\u00ed, nav\u00edc tak\u00e9 sklen\u011bn\u00e9 z\u00e1bradl\u00ed vypad\u00e1 opravdu kr\u00e1sn\u011b, t\u0159eba kdy\u017e je l\u00e9to, tak v\u00e1m t\u00edm kr\u00e1sn\u011b prosv\u00edtaj\u00ed slune\u010dn\u00ed paprsky a v\u00e1m je tepleji. Ale tak\u00e9 za p\u0159edpokladu, \u017ee kdy\u017e si po\u0159\u00edd\u00edte i slune\u010dn\u00edk, \u017ee se nemus\u00edte ob\u00e1vat, \u017ee slunce bude \u00fapln\u011b v\u0161ude.Nap\u0159\u00edklad j\u00e1 d\u00e1v\u00e1m pr\u00e1v\u011b p\u0159ednost sklen\u011bn\u00e9mu z\u00e1bradl\u00ed hlavn\u011b na balkon\u011b, proto\u017ee se alespo\u0148 mohu d\u00edvat takhle na ulici nebo na silnici a tak podobn\u011b. A osobn\u011b bych nesnesla, kdybych t\u0159eba m\u011bla n\u011bjak\u00e9 kamenn\u00e9 z\u00e1bradl\u00ed anebo cel\u00e9 z plastu, to by mi absolutn\u011b nevyhovovalo. Byla bych z toho opravdu maxim\u00e1ln\u011b zklaman\u00e1, proto jsem r\u00e1da, \u017ee opravdu hodn\u011b lid\u00ed d\u00e1v\u00e1 p\u0159ednost tak\u00e9 v posledn\u00ed dob\u011b sklen\u011bn\u00e9mu z\u00e1bradl\u00ed, vypad\u00e1 v\u00edce stylov\u011b a je levn\u00e9. Na internetu se m\u016f\u017eete pod\u00edvat i na n\u011bkter\u00e9 fotografie, abyste m\u011bli takovou p\u0159edstavu, jak vypad\u00e1 opravdu prav\u00e9 sklen\u011bn\u00e9 z\u00e1bradl\u00ed. Moje kamar\u00e1dka tak\u00e9 uva\u017euje, \u017ee si u\u017e nech\u00e1 ud\u011blat \u00fapln\u011b nov\u00e9 z\u00e1bradl\u00ed. St\u00e1le se je\u0161t\u011b rozhoduje, jestli bude m\u00edt plastov\u00e9 z\u00e1bradl\u00ed anebo jestli tak\u00e9 si u\u017e kone\u010dn\u011b nech\u00e1 ud\u011blat sklen\u011bn\u00e9 z\u00e1bradl\u00ed, po kter\u00e9m tak\u00e9 tou\u017e\u00ed u\u017e del\u0161\u00ed dobu.                                                                                                                                                                                                                                                                                                                                                                                           4.7\/5 - (3 votes)        "},{"@context":"https:\/\/schema.org\/","@type":"BreadcrumbList","itemListElement":[{"@type":"ListItem","position":1,"name":"Dokonal\u00e9 z\u00e1bradl\u00ed","item":"https:\/\/www.desan.cz\/dokonale-zabradli\/#breadcrumbitem"}]}]