[{"@context":"https:\/\/schema.org\/","@type":"Article","@id":"https:\/\/www.desan.cz\/invalidni-vozik-pro-me-dite\/#Article","mainEntityOfPage":"https:\/\/www.desan.cz\/invalidni-vozik-pro-me-dite\/","headline":"Invalidn\u00ed voz\u00edk pro m\u00e9 d\u00edt\u011b","name":"Invalidn\u00ed voz\u00edk pro m\u00e9 d\u00edt\u011b","description":"Schopnost vytvo\u0159it dobr\u00e9 z\u00e1zem\u00ed pro d\u011bti, kter\u00e9 trp\u00ed z\u00e1va\u017en\u00fdm zdravotn\u00edm onemocn\u011bn\u00edm, kter\u00e9 jim br\u00e1n\u00ed v norm\u00e1ln\u00edm pohybu, a\u0165 doln\u00edch nebo &hellip; <a href=\"https:\/\/www.desan.cz\/invalidni-vozik-pro-me-dite\/\" class=\"more-link\"><span class=\"more-button\">P\u0159e\u010d\u00edst<span class=\"screen-reader-text\">Invalidn\u00ed voz\u00edk pro m\u00e9 d\u00edt\u011b<\/span><\/span><\/a>","datePublished":"2020-06-24","dateModified":"2023-05-03","author":{"@type":"Person","@id":"https:\/\/www.desan.cz\/author\/#Person","name":"","url":"https:\/\/www.desan.cz\/author\/","identifier":1,"image":{"@type":"ImageObject","@id":"https:\/\/secure.gravatar.com\/avatar\/046c8368865b87ac6ea06cde0e0a80b91304a43fe31de210702ad59bbd9a1974?s=96&d=mm&r=g","url":"https:\/\/secure.gravatar.com\/avatar\/046c8368865b87ac6ea06cde0e0a80b91304a43fe31de210702ad59bbd9a1974?s=96&d=mm&r=g","height":96,"width":96}},"publisher":{"@type":"Organization","name":"desan.cz","logo":{"@type":"ImageObject","@id":"\/logo.png","url":"\/logo.png","width":600,"height":60}},"image":{"@type":"ImageObject","@id":"https:\/\/www.desan.cz\/wp-content\/uploads\/cestovn%C3%AD%20invalidn%C3%AD%20voz%C3%ADk.jpg","url":"https:\/\/www.desan.cz\/wp-content\/uploads\/cestovn%C3%AD%20invalidn%C3%AD%20voz%C3%ADk.jpg","height":0,"width":0},"url":"https:\/\/www.desan.cz\/invalidni-vozik-pro-me-dite\/","about":["V\u00fdrobky"],"wordCount":420,"articleBody":"        Schopnost vytvo\u0159it dobr\u00e9 z\u00e1zem\u00ed pro d\u011bti, kter\u00e9 trp\u00ed z\u00e1va\u017en\u00fdm zdravotn\u00edm onemocn\u011bn\u00edm, kter\u00e9 jim br\u00e1n\u00ed v norm\u00e1ln\u00edm pohybu, a\u0165 doln\u00edch nebo horn\u00edch kon\u010detin, tak na\u0161e firma jim nab\u00edz\u00ed po technologick\u00e9 str\u00e1nce ty nejv\u00fdhodn\u011bj\u0161\u00ed mechanick\u00e9 invalidn\u00ed voz\u00edky, kter\u00e9 jsou pro svou obsluhu doslova chytr\u00e9, ale z\u00e1rove\u0148 v designu se p\u0159izp\u016fsobuj\u00ed d\u011btsk\u00e9mu pohledu na sv\u011bt. D\u011bti se pot\u0159ebuj\u00ed sezn\u00e1mit se sv\u011btem, sv\u00fdm okol\u00edm, m\u00edt kontakt s druh\u00fdmi d\u011btmi a v ur\u010dit\u00e9m st\u00e1diu jejich v\u00fdvoje se to ur\u010dit\u011b stup\u0148uje, A\u0165 jsou to hry, sport, v\u00fdlety do p\u0159\u00edrody apod. Proto ve sv\u00e9m \u017eivot\u011b pot\u0159ebuj\u00ed kvalitn\u00ed modern\u00ed pom\u016fcku, kter\u00e1 je jejich sou\u010d\u00e1st\u00ed a t\u00edm jim uleh\u010duje jejich \u017eivot jak doma, ve \u0161kole, tak venku.  Pro d\u011bti, kter\u00e9 pot\u0159ebuj\u00ed pro sv\u00e9 posti\u017een\u00ed invalidn\u00ed voz\u00edk, tak p\u0159ev\u00e1\u017en\u011b se to t\u00fdk\u00e1 d\u011btsk\u00fdch invalidn\u00edch voz\u00edk\u016f, kter\u00e9 jsou v jejich \u017eivot\u011b tou prvn\u00ed volbou z mnoha d\u016fvod\u016f. Jsou nejenom odleh\u010den\u00e9, ale daj\u00ed se pohodln\u011b slo\u017eit do auta. Tyto zdravotn\u00ed pom\u016fcky sou r\u016fzn\u011b variabiln\u00ed, t\u00edm m\u00e1me na mysli, \u017ee si m\u016f\u017eete vybrat takov\u00fd invalidn\u00ed voz\u00edk, kter\u00fd budete va\u0161emu d\u00edt\u011bti naprosto vyhovovat. Firma \u201eTechnology And Life\u201c v\u00e1m nab\u00edz\u00ed ve sv\u00e9m obchod\u011b (e-shopu) 3 d\u011btsk\u00e9 mechanick\u00e9 invalidn\u00ed voz\u00edky. Mo\u017en\u00e1 n\u011bkter\u00e1 cena voz\u00edku se V\u00e1m bude zd\u00e1t vysok\u00e1, ale tyto invalidn\u00ed d\u011btsk\u00e9 voz\u00edky jsou vyrobeny ve vysok\u00e9 kvalit\u011b. Podle druhu vybaven\u00ed se ceny pohybuj\u00ed p\u0159ibli\u017en\u011b od 13 200,- K\u010d do 19 500,-K\u010d.   Rodi\u010de, pro kter\u00e9 je tato finan\u010dn\u00ed polo\u017eka vysok\u00e1, tak maj\u00ed mo\u017enost si o d\u011btsk\u00fd mechanick\u00fd invalidn\u00ed voz\u00edk po\u017e\u00e1dat svou zdravotn\u00ed poji\u0161\u0165ovnu (nap\u0159. VZP), kde pro jeho z\u00edsk\u00e1n\u00ed (zap\u016fj\u010den\u00ed) je z\u00e1sadn\u00ed posudek odborn\u00e9ho l\u00e9ka\u0159e a n\u00e1sledn\u00fdm schv\u00e1len\u00edm revizn\u00edho l\u00e9ka\u0159e.  Je pot\u0159eba si uv\u011bdomit, \u017ee p\u0159i z\u00edsk\u00e1n\u00ed invalidn\u00edho voz\u00edku od va\u0161\u00ed zdravotn\u00ed poji\u0161\u0165ovny, a\u0165 mechanick\u00e9ho nebo elektrick\u00e9ho (a i v p\u0159\u00edpad\u011b n\u011bjak\u00e9ho doplatku), tak tyto zdravotn\u00ed pom\u016fcky z\u016fst\u00e1vaj\u00ed majetkem poji\u0161\u0165ovny, vy ho budete m\u00edt pouze zap\u016fj\u010den\u00fd.                                                                                                                                                                                                                                                                                                                                                                                            4\/5 - (9 votes)        "},{"@context":"https:\/\/schema.org\/","@type":"BreadcrumbList","itemListElement":[{"@type":"ListItem","position":1,"name":"Invalidn\u00ed voz\u00edk pro m\u00e9 d\u00edt\u011b","item":"https:\/\/www.desan.cz\/invalidni-vozik-pro-me-dite\/#breadcrumbitem"}]}]