[{"@context":"https:\/\/schema.org\/","@type":"Article","@id":"https:\/\/www.desan.cz\/moc-rada-ctu\/#Article","mainEntityOfPage":"https:\/\/www.desan.cz\/moc-rada-ctu\/","headline":"Moc r\u00e1da \u010dtu","name":"Moc r\u00e1da \u010dtu","description":"V\u017edycky jsem se zaj\u00edmala o vzd\u011bl\u00e1n\u00ed, proto\u017ee vzd\u011bl\u00e1n\u00ed pro m\u011b samotnou bylo velice d\u016fle\u017eit\u00e9, proto jsem si taky kladla opravdu &hellip; <a href=\"https:\/\/www.desan.cz\/moc-rada-ctu\/\" class=\"more-link\"><span class=\"more-button\">P\u0159e\u010d\u00edst<span class=\"screen-reader-text\">Moc r\u00e1da \u010dtu<\/span><\/span><\/a>","datePublished":"2022-03-09","dateModified":"2023-05-03","author":{"@type":"Person","@id":"https:\/\/www.desan.cz\/author\/#Person","name":"","url":"https:\/\/www.desan.cz\/author\/","identifier":1,"image":{"@type":"ImageObject","@id":"https:\/\/secure.gravatar.com\/avatar\/046c8368865b87ac6ea06cde0e0a80b91304a43fe31de210702ad59bbd9a1974?s=96&d=mm&r=g","url":"https:\/\/secure.gravatar.com\/avatar\/046c8368865b87ac6ea06cde0e0a80b91304a43fe31de210702ad59bbd9a1974?s=96&d=mm&r=g","height":96,"width":96}},"publisher":{"@type":"Organization","name":"desan.cz","logo":{"@type":"ImageObject","@id":"\/logo.png","url":"\/logo.png","width":600,"height":60}},"image":{"@type":"ImageObject","@id":"https:\/\/www.desan.cz\/wp-content\/uploads\/reading-4330761_960_720.jpg","url":"https:\/\/www.desan.cz\/wp-content\/uploads\/reading-4330761_960_720.jpg","height":0,"width":0},"url":"https:\/\/www.desan.cz\/moc-rada-ctu\/","about":["Vzd\u011bl\u00e1n\u00ed"],"wordCount":439,"articleBody":"V\u017edycky jsem se zaj\u00edmala o vzd\u011bl\u00e1n\u00ed, proto\u017ee vzd\u011bl\u00e1n\u00ed pro m\u011b samotnou bylo velice d\u016fle\u017eit\u00e9, proto jsem si taky kladla opravdu vysok\u00e9 c\u00edle. A hlavn\u011b to, \u017ee jsem v budoucnu cht\u011bla b\u00fdt pr\u00e1vni\u010dka. Sice mus\u00edm uznat, \u017ee asi od t\u0159et\u00ed t\u0159\u00eddy asi do \u0161est\u00e9 t\u0159\u00eddy jsem cht\u011bla b\u00fdt l\u00e9ka\u0159ka. A to hlavn\u011b d\u011btsk\u00e1 l\u00e9ka\u0159ka, proto\u017ee m\u011b velice bavilo hr\u00e1t si s d\u011btmi. A \u0159\u00edkala jsem si, \u017ee kdy\u017e budu vystudovan\u00e1 d\u011btsk\u00e1 l\u00e9ka\u0159ka, \u017ee to vlastn\u011b bude z\u00e1bava. Jenom\u017ee se pozd\u011bji uk\u00e1zalo, \u017ee ani moje zn\u00e1mky na z\u00e1kladn\u00ed \u0161kole nebyly tak skv\u011bl\u00e9, jak jsem si myslela j\u00e1 anebo moji rodi\u010de. Nebo moji prarodi\u010de. Proto\u017ee hlavn\u011b moji prarodi\u010de si p\u0159\u00e1li, bych byla l\u00e9ka\u0159ka, proto\u017ee moje teta a taky m\u016fj strejda oba dva byli l\u00e9ka\u0159i, a nav\u00edc vlastn\u00ed d\u011bti m\u00edt nemohli, tak\u017ee v\u0161echno pozitivn\u00ed vid\u011bli ve mn\u011b. Bohu\u017eel jsem se ale v sedm\u00e9 t\u0159\u00edd\u011b rozhodla, \u017ee bych cht\u011bla b\u00fdt nejrad\u011bji pr\u00e1vni\u010dka. A byla jsem takov\u00e1 tvrdohlav\u00e1 a ve znamen\u00ed jsem beran, tak\u017ee mi \u0159\u00edkali, \u017ee bych jako pr\u00e1vni\u010dka mohla usp\u011bt. Ale bohu\u017eel ale ani to nedopadlo. I kdy\u017e m\u011b vyd\u011bl\u00e1v\u00e1n\u00ed se opravdu hodn\u011b bavilo a bylo pro m\u011b opravdu z du\u0161e velice d\u016fle\u017eit\u00e9 a bavilo m\u011b, tak n\u011bjak mi to samo do hlavy ne\u0161lo, i kdy\u017e jsem se velice sna\u017eila a m\u011bla jsem taky dva dou\u010dovac\u00ed krou\u017eky, tak bohu\u017eel se to nestalo nikdy podle m\u011b, \u017ee by mi u\u010den\u00ed \u0161lo opravdu skv\u011ble. A opravdu hodn\u011b m\u011b to mrzelo. A taky m\u011b dost mrzelo to, \u017ee to vadilo ostatn\u00edm lidem kolem m\u011b. A ostatn\u00ed byli z toho velik\u00e9 zklam\u00e1n\u00ed. Jenom\u017ee jsem se nedala a ud\u011blala jsem si alespo\u0148 vysn\u011bn\u00e9 st\u00e1tnice z anglick\u00e9ho a n\u011bmeck\u00e9ho jazyka, tak\u017ee jsem alespo\u0148 sama na sebe py\u0161n\u00e1, proto\u017ee dou\u010duji mal\u00e9 d\u011bti ciz\u00ed jazyky. A jak je podle v\u00e1s vzd\u011bl\u00e1n\u00ed d\u016fle\u017eit\u00e9? Je opravdu mnoho lid\u00ed, kter\u00fdm zase o vzd\u011bl\u00e1n\u00ed ani moc nejde, co\u017e je ale \u0161koda, ale podle m\u011b by se ka\u017ed\u00fd \u010dlov\u011bk m\u011bl vzd\u011bl\u00e1vat. Proto\u017ee \u0161kola je pro n\u00e1s v\u0161echny opravdu hodn\u011b d\u016fle\u017eit\u00e1.\u00a0                                                                                                                                                                                                                                                                                                                                                                                        3.7\/5 - (8 votes)        "},{"@context":"https:\/\/schema.org\/","@type":"BreadcrumbList","itemListElement":[{"@type":"ListItem","position":1,"name":"Moc r\u00e1da \u010dtu","item":"https:\/\/www.desan.cz\/moc-rada-ctu\/#breadcrumbitem"}]}]