[{"@context":"https:\/\/schema.org\/","@type":"Blog","@id":"https:\/\/www.desan.cz#Blog","headline":"Desan","description":"\nSnad ka\u017ed\u00fd web je alespo\u0148 v\u00a0n\u011b\u010dem dobr\u00fd. Ale v\u00a0p\u0159\u00edpad\u011b webu na\u0161eho si m\u016f\u017eete b\u00fdt jisti t\u00edm, \u017ee se sna\u017e\u00edme, aby byl tento dobr\u00fd \u00fapln\u011b ve v\u0161em.","url":"https:\/\/www.desan.cz","hasPart":[{"@type":"Article","@id":"https:\/\/www.desan.cz\/sumava-a-wellness-se-uzasne-doplnuji\/","headline":"\u0160umava a wellness se \u00fa\u017easn\u011b dopl\u0148uj\u00ed","url":"https:\/\/www.desan.cz\/sumava-a-wellness-se-uzasne-doplnuji\/","datePublished":"2025-01-09","dateModified":"2025-01-09","mainEntityOfPage":"https:\/\/www.desan.cz\/sumava-a-wellness-se-uzasne-doplnuji\/","author":{"@type":"Person","@id":"https:\/\/www.desan.cz\/author\/#Person","name":"","url":"https:\/\/www.desan.cz\/author\/","identifier":1,"image":{"@type":"ImageObject","@id":"https:\/\/secure.gravatar.com\/avatar\/046c8368865b87ac6ea06cde0e0a80b91304a43fe31de210702ad59bbd9a1974?s=96&d=mm&r=g","url":"https:\/\/secure.gravatar.com\/avatar\/046c8368865b87ac6ea06cde0e0a80b91304a43fe31de210702ad59bbd9a1974?s=96&d=mm&r=g","height":96,"width":96}},"publisher":{"@type":"Organization","name":"desan.cz","logo":{"@type":"ImageObject","@id":"\/logo.png","url":"\/logo.png","width":600,"height":60}},"image":null,"wordCount":255,"keywords":null},{"@type":"Article","@id":"https:\/\/www.desan.cz\/virivka\/","headline":"V\u00ed\u0159ivka","url":"https:\/\/www.desan.cz\/virivka\/","datePublished":"2025-01-02","dateModified":"2025-01-02","mainEntityOfPage":"https:\/\/www.desan.cz\/virivka\/","author":{"@type":"Person","@id":"https:\/\/www.desan.cz\/author\/#Person","name":"","url":"https:\/\/www.desan.cz\/author\/","identifier":1,"image":{"@type":"ImageObject","@id":"https:\/\/secure.gravatar.com\/avatar\/046c8368865b87ac6ea06cde0e0a80b91304a43fe31de210702ad59bbd9a1974?s=96&d=mm&r=g","url":"https:\/\/secure.gravatar.com\/avatar\/046c8368865b87ac6ea06cde0e0a80b91304a43fe31de210702ad59bbd9a1974?s=96&d=mm&r=g","height":96,"width":96}},"publisher":{"@type":"Organization","name":"desan.cz","logo":{"@type":"ImageObject","@id":"\/logo.png","url":"\/logo.png","width":600,"height":60}},"image":null,"wordCount":249,"keywords":null},{"@type":"Article","@id":"https:\/\/www.desan.cz\/akce-pro-vas-1-1-zdarma\/","headline":"Akce pro v\u00e1s 1+1 zdarma","url":"https:\/\/www.desan.cz\/akce-pro-vas-1-1-zdarma\/","datePublished":"2024-12-26","dateModified":"2024-12-26","mainEntityOfPage":"https:\/\/www.desan.cz\/akce-pro-vas-1-1-zdarma\/","author":{"@type":"Person","@id":"https:\/\/www.desan.cz\/author\/#Person","name":"","url":"https:\/\/www.desan.cz\/author\/","identifier":1,"image":{"@type":"ImageObject","@id":"https:\/\/secure.gravatar.com\/avatar\/046c8368865b87ac6ea06cde0e0a80b91304a43fe31de210702ad59bbd9a1974?s=96&d=mm&r=g","url":"https:\/\/secure.gravatar.com\/avatar\/046c8368865b87ac6ea06cde0e0a80b91304a43fe31de210702ad59bbd9a1974?s=96&d=mm&r=g","height":96,"width":96}},"publisher":{"@type":"Organization","name":"desan.cz","logo":{"@type":"ImageObject","@id":"\/logo.png","url":"\/logo.png","width":600,"height":60}},"image":null,"wordCount":220,"keywords":null},{"@type":"Article","@id":"https:\/\/www.desan.cz\/odolne-bezpecnostni-folie-pro-vas-vuz\/","headline":"Odoln\u00e9 bezpe\u010dnostn\u00ed f\u00f3lie pro v\u00e1\u0161 v\u016fz","url":"https:\/\/www.desan.cz\/odolne-bezpecnostni-folie-pro-vas-vuz\/","datePublished":"2024-12-22","dateModified":"2024-12-22","mainEntityOfPage":"https:\/\/www.desan.cz\/odolne-bezpecnostni-folie-pro-vas-vuz\/","author":{"@type":"Person","@id":"https:\/\/www.desan.cz\/author\/#Person","name":"","url":"https:\/\/www.desan.cz\/author\/","identifier":1,"image":{"@type":"ImageObject","@id":"https:\/\/secure.gravatar.com\/avatar\/046c8368865b87ac6ea06cde0e0a80b91304a43fe31de210702ad59bbd9a1974?s=96&d=mm&r=g","url":"https:\/\/secure.gravatar.com\/avatar\/046c8368865b87ac6ea06cde0e0a80b91304a43fe31de210702ad59bbd9a1974?s=96&d=mm&r=g","height":96,"width":96}},"publisher":{"@type":"Organization","name":"desan.cz","logo":{"@type":"ImageObject","@id":"\/logo.png","url":"\/logo.png","width":600,"height":60}},"image":null,"wordCount":214,"keywords":null},{"@type":"Article","@id":"https:\/\/www.desan.cz\/uspejte-diky-nasemu-pripravku\/","headline":"Usp\u011bjte d\u00edky na\u0161emu p\u0159\u00edpravku","url":"https:\/\/www.desan.cz\/uspejte-diky-nasemu-pripravku\/","datePublished":"2024-12-13","dateModified":"2024-12-13","mainEntityOfPage":"https:\/\/www.desan.cz\/uspejte-diky-nasemu-pripravku\/","author":{"@type":"Person","@id":"https:\/\/www.desan.cz\/author\/#Person","name":"","url":"https:\/\/www.desan.cz\/author\/","identifier":1,"image":{"@type":"ImageObject","@id":"https:\/\/secure.gravatar.com\/avatar\/046c8368865b87ac6ea06cde0e0a80b91304a43fe31de210702ad59bbd9a1974?s=96&d=mm&r=g","url":"https:\/\/secure.gravatar.com\/avatar\/046c8368865b87ac6ea06cde0e0a80b91304a43fe31de210702ad59bbd9a1974?s=96&d=mm&r=g","height":96,"width":96}},"publisher":{"@type":"Organization","name":"desan.cz","logo":{"@type":"ImageObject","@id":"\/logo.png","url":"\/logo.png","width":600,"height":60}},"image":null,"wordCount":236,"keywords":null},{"@type":"Article","@id":"https:\/\/www.desan.cz\/po-narozeni-holcicky-je-to-jiz-jasne\/","headline":"Po narozen\u00ed hol\u010di\u010dky je to ji\u017e jasn\u00e9","url":"https:\/\/www.desan.cz\/po-narozeni-holcicky-je-to-jiz-jasne\/","datePublished":"2024-12-09","dateModified":"2024-12-09","mainEntityOfPage":"https:\/\/www.desan.cz\/po-narozeni-holcicky-je-to-jiz-jasne\/","author":{"@type":"Person","@id":"https:\/\/www.desan.cz\/author\/#Person","name":"","url":"https:\/\/www.desan.cz\/author\/","identifier":1,"image":{"@type":"ImageObject","@id":"https:\/\/secure.gravatar.com\/avatar\/046c8368865b87ac6ea06cde0e0a80b91304a43fe31de210702ad59bbd9a1974?s=96&d=mm&r=g","url":"https:\/\/secure.gravatar.com\/avatar\/046c8368865b87ac6ea06cde0e0a80b91304a43fe31de210702ad59bbd9a1974?s=96&d=mm&r=g","height":96,"width":96}},"publisher":{"@type":"Organization","name":"desan.cz","logo":{"@type":"ImageObject","@id":"\/logo.png","url":"\/logo.png","width":600,"height":60}},"image":null,"wordCount":221,"keywords":null},{"@type":"Article","@id":"https:\/\/www.desan.cz\/silny-zdroj-zareni\/","headline":"Siln\u00fd zdroj z\u00e1\u0159en\u00ed","url":"https:\/\/www.desan.cz\/silny-zdroj-zareni\/","datePublished":"2024-12-03","dateModified":"2024-12-03","mainEntityOfPage":"https:\/\/www.desan.cz\/silny-zdroj-zareni\/","author":{"@type":"Person","@id":"https:\/\/www.desan.cz\/author\/#Person","name":"","url":"https:\/\/www.desan.cz\/author\/","identifier":1,"image":{"@type":"ImageObject","@id":"https:\/\/secure.gravatar.com\/avatar\/046c8368865b87ac6ea06cde0e0a80b91304a43fe31de210702ad59bbd9a1974?s=96&d=mm&r=g","url":"https:\/\/secure.gravatar.com\/avatar\/046c8368865b87ac6ea06cde0e0a80b91304a43fe31de210702ad59bbd9a1974?s=96&d=mm&r=g","height":96,"width":96}},"publisher":{"@type":"Organization","name":"desan.cz","logo":{"@type":"ImageObject","@id":"\/logo.png","url":"\/logo.png","width":600,"height":60}},"image":null,"wordCount":276,"keywords":null},{"@type":"Article","@id":"https:\/\/www.desan.cz\/v-nasi-nabidce-nechybi-ani-vchodove\/","headline":"V na\u0161\u00ed nab\u00eddce nechyb\u00ed ani vchodov\u00e9","url":"https:\/\/www.desan.cz\/v-nasi-nabidce-nechybi-ani-vchodove\/","datePublished":"2024-11-24","dateModified":"2024-11-24","mainEntityOfPage":"https:\/\/www.desan.cz\/v-nasi-nabidce-nechybi-ani-vchodove\/","author":{"@type":"Person","@id":"https:\/\/www.desan.cz\/author\/#Person","name":"","url":"https:\/\/www.desan.cz\/author\/","identifier":1,"image":{"@type":"ImageObject","@id":"https:\/\/secure.gravatar.com\/avatar\/046c8368865b87ac6ea06cde0e0a80b91304a43fe31de210702ad59bbd9a1974?s=96&d=mm&r=g","url":"https:\/\/secure.gravatar.com\/avatar\/046c8368865b87ac6ea06cde0e0a80b91304a43fe31de210702ad59bbd9a1974?s=96&d=mm&r=g","height":96,"width":96}},"publisher":{"@type":"Organization","name":"desan.cz","logo":{"@type":"ImageObject","@id":"\/logo.png","url":"\/logo.png","width":600,"height":60}},"image":null,"wordCount":206,"keywords":null},{"@type":"Article","@id":"https:\/\/www.desan.cz\/na-zadost-se-chvile-vzdycky-najde\/","headline":"Na \u017e\u00e1dost se chv\u00edle v\u017edycky najde","url":"https:\/\/www.desan.cz\/na-zadost-se-chvile-vzdycky-najde\/","datePublished":"2024-11-18","dateModified":"2024-11-18","mainEntityOfPage":"https:\/\/www.desan.cz\/na-zadost-se-chvile-vzdycky-najde\/","author":{"@type":"Person","@id":"https:\/\/www.desan.cz\/author\/#Person","name":"","url":"https:\/\/www.desan.cz\/author\/","identifier":1,"image":{"@type":"ImageObject","@id":"https:\/\/secure.gravatar.com\/avatar\/046c8368865b87ac6ea06cde0e0a80b91304a43fe31de210702ad59bbd9a1974?s=96&d=mm&r=g","url":"https:\/\/secure.gravatar.com\/avatar\/046c8368865b87ac6ea06cde0e0a80b91304a43fe31de210702ad59bbd9a1974?s=96&d=mm&r=g","height":96,"width":96}},"publisher":{"@type":"Organization","name":"desan.cz","logo":{"@type":"ImageObject","@id":"\/logo.png","url":"\/logo.png","width":600,"height":60}},"image":null,"wordCount":216,"keywords":null},{"@type":"Article","@id":"https:\/\/www.desan.cz\/moderni-sedaci-souprava\/","headline":"Modern\u00ed sedac\u00ed souprava","url":"https:\/\/www.desan.cz\/moderni-sedaci-souprava\/","datePublished":"2024-11-10","dateModified":"2024-11-10","mainEntityOfPage":"https:\/\/www.desan.cz\/moderni-sedaci-souprava\/","author":{"@type":"Person","@id":"https:\/\/www.desan.cz\/author\/#Person","name":"","url":"https:\/\/www.desan.cz\/author\/","identifier":1,"image":{"@type":"ImageObject","@id":"https:\/\/secure.gravatar.com\/avatar\/046c8368865b87ac6ea06cde0e0a80b91304a43fe31de210702ad59bbd9a1974?s=96&d=mm&r=g","url":"https:\/\/secure.gravatar.com\/avatar\/046c8368865b87ac6ea06cde0e0a80b91304a43fe31de210702ad59bbd9a1974?s=96&d=mm&r=g","height":96,"width":96}},"publisher":{"@type":"Organization","name":"desan.cz","logo":{"@type":"ImageObject","@id":"\/logo.png","url":"\/logo.png","width":600,"height":60}},"image":null,"wordCount":244,"keywords":null}]},{"@context":"https:\/\/schema.org","@type":"WebSite","@id":"https:\/\/www.desan.cz\/#website","name":"Desan","url":"https:\/\/www.desan.cz","potentialAction":{"@type":"SearchAction","target":"https:\/\/www.desan.cz\/?s={search_term_string}","query-input":"required name=search_term_string"}}]