[{"@context":"https:\/\/schema.org\/","@type":"Article","@id":"https:\/\/www.desan.cz\/pomoc-s-uklidem\/#Article","mainEntityOfPage":"https:\/\/www.desan.cz\/pomoc-s-uklidem\/","headline":"Pomoc s \u00faklidem","name":"Pomoc s \u00faklidem","description":"\u017divot n\u00e1m p\u0159in\u00e1\u0161\u00ed mnoho, a za\u017e\u00edv\u00e1me radosti, ale i starosti. Starost\u00ed m\u00e1me n\u011bkdy a\u017e nad hlavu, zejm\u00e9na pokud se st\u011bhujeme &hellip; <a href=\"https:\/\/www.desan.cz\/pomoc-s-uklidem\/\" class=\"more-link\"><span class=\"more-button\">P\u0159e\u010d\u00edst<span class=\"screen-reader-text\">Pomoc s \u00faklidem<\/span><\/span><\/a>","datePublished":"2023-07-21","dateModified":"2024-04-16","author":{"@type":"Person","@id":"https:\/\/www.desan.cz\/author\/#Person","name":"","url":"https:\/\/www.desan.cz\/author\/","identifier":1,"image":{"@type":"ImageObject","@id":"https:\/\/secure.gravatar.com\/avatar\/046c8368865b87ac6ea06cde0e0a80b91304a43fe31de210702ad59bbd9a1974?s=96&d=mm&r=g","url":"https:\/\/secure.gravatar.com\/avatar\/046c8368865b87ac6ea06cde0e0a80b91304a43fe31de210702ad59bbd9a1974?s=96&d=mm&r=g","height":96,"width":96}},"publisher":{"@type":"Organization","name":"desan.cz","logo":{"@type":"ImageObject","@id":"\/logo.png","url":"\/logo.png","width":600,"height":60}},"image":{"@type":"ImageObject","@id":"https:\/\/www.desan.cz\/wp-content\/uploads\/pexels-rdne-stock-project-7464727.jpg","url":"https:\/\/www.desan.cz\/wp-content\/uploads\/pexels-rdne-stock-project-7464727.jpg","height":0,"width":0},"url":"https:\/\/www.desan.cz\/pomoc-s-uklidem\/","about":["Web"],"wordCount":423,"articleBody":"      \u017divot n\u00e1m p\u0159in\u00e1\u0161\u00ed mnoho, a za\u017e\u00edv\u00e1me radosti, ale i starosti. Starost\u00ed m\u00e1me n\u011bkdy a\u017e nad hlavu, zejm\u00e9na pokud se st\u011bhujeme a nebo pokud pronaj\u00edm\u00e1me byt, \u010di n\u00e1m zem\u0159e n\u011bkdo bl\u00edzk\u00fd. Proto\u017ee ka\u017ed\u00fd n\u011bkde bydl\u00ed, m\u00e1 v dom\u011b nebo byt\u011b krom\u011b b\u011b\u017en\u00e9ho byvavens dom\u00e1cnosti spousty sv\u00fdch osobn\u00edch v\u011bc\u00ed. Nezd\u00e1 se to, ale jeden \u010dlov\u011bk toho m\u016f\u017ee m\u00edt opravdu hodn\u011b. Oble\u010den\u00ed, n\u00e1dob\u00ed, knihy a \u010dasopisy, elektronika, kosmetika, to je jen zlomek toho co je \u010dasto pot\u0159eba vyklidit. Jestli v\u00e1m n\u00e1jemn\u00edk nechal byt ve \u0161patn\u00e9m stavu a vy nem\u00e1te \u010das ani s\u00edlu na to abyste jej vyklidili sami, zavolejte n\u00e1m. Zab\u00fdv\u00e1me se vykl\u00edzen\u00edm nemovitost\u00ed po d\u011bdick\u00e9m \u0159\u00edzen\u00ed, po st\u011bhov\u00e1n\u00ed a vyklid\u00edme i vybydlenou nemovitost po poveden\u00e9m n\u00e1jemn\u00edkovi.Prov\u00e1d\u00edme vykl\u00edzen\u00ed byt\u016f Praha a okol\u00ed. Pom\u016f\u017eeme v\u00e1m vyn\u00e9st do kontejner\u016f v\u0161e co u\u017e se v\u00e1m nebude hodit a \u010deho se chcete zbavit. V\u0161e rovnou odvezeme na skl\u00e1dku, tak\u017ee se nemus\u00edte b\u00e1t \u017ee bychom v\u00e1m vyklizen\u00e9 v\u011bci nechali p\u0159ed domem. Nem\u00e1me probl\u00e9m vyklidit cokoliv, a v tom je na\u0161e v\u00fdhoda, proto\u017ee n\u011bkter\u00e9 firmy v\u00e1m rovnou \u0159eknou \u017ee t\u0159eba vybydlen\u00fd byt vykl\u00edzet nebudou. My se toho neboj\u00edme.Rekonstrukce od podlahy? Jestli pronaj\u00edm\u00e1te byt a p\u0159edchoz\u00ed n\u00e1jemce v\u00e1m ho nep\u0159edal v nejlep\u0161\u00ed kondici a i p\u0159esto ho chcete d\u00e1l pronaj\u00edmat, budete ho mo\u017en\u00e1 muset zrekonstruovat. I s t\u00edm jsme schopn\u00ed v\u00e1m pomoct. Krom\u011b vykl\u00edzen\u00ed nab\u00edz\u00edme i bour\u00e1n\u00ed p\u0159\u00ed\u010dek. D\u00edky smlouv\u00e1m s sb\u011brn\u00fdmi dvory a skl\u00e1dkami bude postar\u00e1no o ve\u0161ker\u00fd odpad z va\u0161\u00ed nemovitosti. Zaj\u00edm\u00e1 v\u00e1s cena? Ka\u017ed\u00e9ho v\u017edy zaj\u00edmaj\u00ed ceny za nab\u00edzen\u00e9 slu\u017eby. Jestli chcete p\u0159edem v\u011bd\u011bt jak\u00e1 cena je za tyto pr\u00e1ce, ur\u010dit\u011b se na n\u00e1s obra\u0165te. Na z\u00e1pad\u011b dodan\u00fdch informac\u00ed v\u00e1m po\u0161leme cenovou nab\u00eddku, kter\u00e1 se v\u017edy tvo\u0159\u00ed individu\u00e1ln\u011b. Sna\u017e\u00edme se dostat na co nejni\u017e\u0161\u00ed mo\u017enou cenu. S n\u00e1mi bude jak\u00e1koli va\u0161e nemovitost v dobr\u00fdch ruk\u00e1ch. Pracujeme maxim\u00e1ln\u011b rychle.                                                                                                                                                                                                                                                                                                                                                                                          4.2\/5 - (6 votes)        "},{"@context":"https:\/\/schema.org\/","@type":"BreadcrumbList","itemListElement":[{"@type":"ListItem","position":1,"name":"Pomoc s \u00faklidem","item":"https:\/\/www.desan.cz\/pomoc-s-uklidem\/#breadcrumbitem"}]}]