[{"@context":"https:\/\/schema.org\/","@type":"Article","@id":"https:\/\/www.desan.cz\/stehovani-v-praze-je-narocnejsi-nez-v-jinych-lokalitach\/#Article","mainEntityOfPage":"https:\/\/www.desan.cz\/stehovani-v-praze-je-narocnejsi-nez-v-jinych-lokalitach\/","headline":"St\u011bhov\u00e1n\u00ed v Praze je n\u00e1ro\u010dn\u011bj\u0161\u00ed, ne\u017e v jin\u00fdch lokalit\u00e1ch","name":"St\u011bhov\u00e1n\u00ed v Praze je n\u00e1ro\u010dn\u011bj\u0161\u00ed, ne\u017e v jin\u00fdch lokalit\u00e1ch","description":"Orientace v m\u011bstsk\u00e9m provozu \u2013 kdo chce provozovat st\u011bhovac\u00ed firmu v Praze, m\u011bl by tu m\u00edt perfektn\u00ed p\u0159ehled o dopravn\u00edch &hellip; <a href=\"https:\/\/www.desan.cz\/stehovani-v-praze-je-narocnejsi-nez-v-jinych-lokalitach\/\" class=\"more-link\"><span class=\"more-button\">P\u0159e\u010d\u00edst<span class=\"screen-reader-text\">St\u011bhov\u00e1n\u00ed v Praze je n\u00e1ro\u010dn\u011bj\u0161\u00ed, ne\u017e v jin\u00fdch lokalit\u00e1ch<\/span><\/span><\/a>","datePublished":"2022-02-09","dateModified":"2023-05-03","author":{"@type":"Person","@id":"https:\/\/www.desan.cz\/author\/#Person","name":"","url":"https:\/\/www.desan.cz\/author\/","identifier":1,"image":{"@type":"ImageObject","@id":"https:\/\/secure.gravatar.com\/avatar\/046c8368865b87ac6ea06cde0e0a80b91304a43fe31de210702ad59bbd9a1974?s=96&d=mm&r=g","url":"https:\/\/secure.gravatar.com\/avatar\/046c8368865b87ac6ea06cde0e0a80b91304a43fe31de210702ad59bbd9a1974?s=96&d=mm&r=g","height":96,"width":96}},"publisher":{"@type":"Organization","name":"desan.cz","logo":{"@type":"ImageObject","@id":"\/logo.png","url":"\/logo.png","width":600,"height":60}},"image":{"@type":"ImageObject","@id":"https:\/\/www.desan.cz\/wp-content\/uploads\/living-room-g7d8992dde_640.jpg","url":"https:\/\/www.desan.cz\/wp-content\/uploads\/living-room-g7d8992dde_640.jpg","height":0,"width":0},"url":"https:\/\/www.desan.cz\/stehovani-v-praze-je-narocnejsi-nez-v-jinych-lokalitach\/","about":["Byznys"],"wordCount":418,"articleBody":"   Orientace v m\u011bstsk\u00e9m provozu \u2013 kdo chce provozovat st\u011bhovac\u00ed firmu v Praze, m\u011bl by tu m\u00edt perfektn\u00ed p\u0159ehled o dopravn\u00edch vazb\u00e1ch, uzav\u00edrk\u00e1ch a mo\u017enostech p\u0159epravy v p\u0159\u00edpad\u011b slo\u017eit\u011bj\u0161\u00edch situac\u00ed. Praha je z hlediska dopravy velmi komplikovan\u00fd prostor a ne ka\u017ed\u00fd se tu zorientuje, jak by m\u011bl.Technick\u00e9 vybaven\u00ed \u2013 mnoho pra\u017esk\u00fdch rodin p\u0159edpokl\u00e1d\u00e1, \u017ee oslov\u00ed st\u011bhovac\u00ed firmu s nahl\u00e9dnut\u00edm do cen\u00edku st\u011bhov\u00e1n\u00ed v Praze, s po\u017eadavkem komplexn\u00ed slu\u017eby na kl\u00ed\u010d. Po\u017eadavky mohou b\u00fdt sice v jist\u00fdch bodech odli\u0161n\u00e9, ale na tom z\u00e1kladn\u00edm se lid\u00e9 obvykle shodnou. Jde o to, aby firma zvl\u00e1dla p\u0159em\u00edstit standardn\u00ed vybaven\u00ed bytu v\u010detn\u011b n\u00e1bytku, v n\u011bkter\u00fdch p\u0159\u00edpadech i v\u010detn\u011b kuchyn\u00ed, a aby pomohla i s p\u0159idru\u017een\u00fdmi pracemi, jako je rozmontov\u00e1n\u00ed n\u00e1bytku, zabezpe\u010den\u00ed velk\u00fdch spot\u0159ebi\u010d\u016f, instalaci bytov\u00fdch dopl\u0148k\u016f, jako jsou lustry \u010di garn\u00fd\u017ee, sestaven\u00ed a rozm\u00edst\u011bn\u00ed n\u00e1bytku na nov\u00e9m m\u00edst\u011b a dal\u0161\u00ed podp\u016frn\u00e9 \u010dinnosti, kter\u00e9 se st\u011bhov\u00e1n\u00edm souvis\u00ed.P\u011bt pater bez v\u00fdtahu \u2013 st\u011bhovac\u00ed firmy v Praze nesm\u00ed odradit ani komplikovan\u00e9 situace ve star\u0161\u00ed m\u011bstsk\u00e9 z\u00e1stavb\u011b, nap\u0159. na \u017di\u017ekov\u011b v Kon\u011bvov\u011b ulici. Nen\u00ed tam v n\u011bkter\u00fdch \u010din\u017eovn\u00edch bytov\u00fdch domech k dispozici \u017e\u00e1dn\u00fd v\u00fdtah a v\u0161e se odehr\u00e1v\u00e1 na spole\u010dn\u00e9m schodi\u0161ti. P\u00e1t\u00e9 patro bez v\u00fdtahu zkr\u00e1tka nesm\u00ed b\u00fdt d\u016fvodem k od\u0159eknut\u00ed zak\u00e1zky, ani v p\u0159\u00edpad\u011b, \u017ee m\u00e1te doma velk\u00fd sk\u0159\u00ed\u0148ov\u00fd trezor.Komunikace a ochota \u2013 technika a schopnost pr\u00e1ce v ter\u00e9nu je jedna v\u011bc, ale to nejd\u016fle\u017eit\u011bj\u0161\u00ed je jedn\u00e1n\u00ed s klientem, ochota a schopnost mu naslouchat a vych\u00e1zet vst\u0159\u00edc i s v\u011bcmi, kter\u00e9 nemus\u00ed b\u00fdt zrovna standardn\u00ed. N\u011bkdo m\u016f\u017ee m\u00edt v byt\u011b velmi t\u011b\u017ekou vzrostlou palmu, n\u011bkdo vz\u00e1cn\u00fd emp\u00edrov\u00fd klav\u00edr, jin\u00fd zas sb\u00edrku staro\u017eitn\u00e9ho porcel\u00e1nu nedoz\u00edrn\u00e9 sb\u011bratelsk\u00e9 hodnoty. N\u011bkter\u00e9 p\u0159edm\u011bty zkr\u00e1tka nelze vy\u010d\u00edslit pen\u011bzi, a i kdy\u017e jsou st\u011bhovac\u00ed firmy poji\u0161t\u011bn\u00e9, z\u00e1sadn\u00ed roli hraje ochota p\u0159istupovat k takov\u00fdm p\u0159edm\u011bt\u016fm s maxim\u00e1ln\u00ed opatrnost\u00ed a p\u00e9\u010d\u00ed.                                                                                                                                                                                                                                                                                                                                                                                          4.2\/5 - (9 votes)        "},{"@context":"https:\/\/schema.org\/","@type":"BreadcrumbList","itemListElement":[{"@type":"ListItem","position":1,"name":"St\u011bhov\u00e1n\u00ed v Praze je n\u00e1ro\u010dn\u011bj\u0161\u00ed, ne\u017e v jin\u00fdch lokalit\u00e1ch","item":"https:\/\/www.desan.cz\/stehovani-v-praze-je-narocnejsi-nez-v-jinych-lokalitach\/#breadcrumbitem"}]}]