[{"@context":"https:\/\/schema.org\/","@type":"Article","@id":"https:\/\/www.desan.cz\/zastavte-starnuti-pleti-a-zbavte-se-vrasek\/#Article","mainEntityOfPage":"https:\/\/www.desan.cz\/zastavte-starnuti-pleti-a-zbavte-se-vrasek\/","headline":"Zastavte st\u00e1rnut\u00ed pleti a zbavte se vr\u00e1sek!","name":"Zastavte st\u00e1rnut\u00ed pleti a zbavte se vr\u00e1sek!","description":"Vr\u00e1sky tr\u00e1p\u00ed naprostou v\u011bt\u0161inu celosv\u011btov\u00e9 populace a mo\u017en\u00e1 se zd\u00e1, \u017ee nen\u00ed mo\u017en\u00e9 se jich nijak zbavit. Nicm\u00e9n\u011b existuj\u00ed zp\u016fsoby, &hellip; <a href=\"https:\/\/www.desan.cz\/zastavte-starnuti-pleti-a-zbavte-se-vrasek\/\" class=\"more-link\"><span class=\"more-button\">P\u0159e\u010d\u00edst<span class=\"screen-reader-text\">Zastavte st\u00e1rnut\u00ed pleti a zbavte se vr\u00e1sek!<\/span><\/span><\/a>","datePublished":"2022-05-27","dateModified":"2023-05-03","author":{"@type":"Person","@id":"https:\/\/www.desan.cz\/author\/#Person","name":"","url":"https:\/\/www.desan.cz\/author\/","identifier":1,"image":{"@type":"ImageObject","@id":"https:\/\/secure.gravatar.com\/avatar\/046c8368865b87ac6ea06cde0e0a80b91304a43fe31de210702ad59bbd9a1974?s=96&d=mm&r=g","url":"https:\/\/secure.gravatar.com\/avatar\/046c8368865b87ac6ea06cde0e0a80b91304a43fe31de210702ad59bbd9a1974?s=96&d=mm&r=g","height":96,"width":96}},"publisher":{"@type":"Organization","name":"desan.cz","logo":{"@type":"ImageObject","@id":"\/logo.png","url":"\/logo.png","width":600,"height":60}},"image":{"@type":"ImageObject","@id":"https:\/\/www.desan.cz\/wp-content\/uploads\/kolagen%20(3).jpg","url":"https:\/\/www.desan.cz\/wp-content\/uploads\/kolagen%20(3).jpg","height":0,"width":0},"url":"https:\/\/www.desan.cz\/zastavte-starnuti-pleti-a-zbavte-se-vrasek\/","about":["V\u00fdrobky"],"wordCount":445,"articleBody":"       Vr\u00e1sky tr\u00e1p\u00ed naprostou v\u011bt\u0161inu celosv\u011btov\u00e9 populace a mo\u017en\u00e1 se zd\u00e1, \u017ee nen\u00ed mo\u017en\u00e9 se jich nijak zbavit. Nicm\u00e9n\u011b existuj\u00ed zp\u016fsoby, jak vr\u00e1sky m\u016f\u017eete zna\u010dn\u011b zredukovat a zpomalit st\u00e1rnut\u00ed va\u0161\u00ed pleti. A \u010d\u00edm d\u0159\u00edve za\u010dnete, t\u00edm l\u00e9pe pro v\u00e1s! Prvn\u00ed a velmi d\u016fle\u017eit\u00fd faktor je ochrana p\u0159ed UV z\u00e1\u0159en\u00edm. Slune\u010dn\u00ed z\u00e1\u0159en\u00ed toti\u017e k\u016f\u017ei po\u0161kozuje a m\u00e1 na sv\u011bdom\u00ed velkou \u010d\u00e1st va\u0161ich vr\u00e1sek. Proto je d\u016fle\u017eit\u00e9 pou\u017e\u00edvat opalovac\u00ed kr\u00e9m nejen u mo\u0159e. Kdy\u017e budete kr\u00e9m s dostate\u010dn\u011b vysok\u00fdm faktorem SPF pou\u017e\u00edvat ka\u017ed\u00fd den, v\u00fdrazn\u011b t\u00edm zpomal\u00edte st\u00e1rnut\u00ed pleti. Kr\u00e9m je nejlep\u0161\u00ed pou\u017e\u00edvat opravdu ka\u017ed\u00e9 r\u00e1no za ka\u017ed\u00e9ho ro\u010dn\u00edho obdob\u00ed. V zim\u011b v\u00e1m bude sta\u010dit ni\u017e\u0161\u00ed SPF nap\u0159\u00edklad 15 nebo 20. Oproti tomu v l\u00e9t\u011b (a zejm\u00e9na b\u011bhem dovolen\u00e9 u mo\u0159e) vsa\u010fte na vy\u0161\u0161\u00ed faktor. P\u0159edejdete tak nep\u0159\u00edjemn\u00e9mu sp\u00e1len\u00ed i vr\u00e1sk\u00e1m. Dal\u0161\u00ed d\u016fle\u017eit\u00fd faktor je v\u00e1\u0161 \u017eivotn\u00ed styl. Zejm\u00e9na dostate\u010dn\u00e1 hydratace organismu v\u00e1m pom\u016f\u017ee bojovat s vr\u00e1skami. Proto pijte co nejv\u00edce \u010dist\u00e9 vody (ide\u00e1ln\u011b lehce p\u0159es dva litry za den). A vyh\u00fdbejte se k\u00e1v\u011b a alkoholu. Tak\u00e9 kou\u0159en\u00ed m\u00e1 na ple\u0165 velmi \u0161patn\u00fd vliv a urychluje vznik vr\u00e1sek. Krom\u011b v\u00fd\u0161e zm\u00edn\u011bn\u00fdch krok\u016f m\u016f\u017eete tak\u00e9 vyu\u017e\u00edt s\u00edlu jedn\u00e9 velmi d\u016fle\u017eit\u00e9 b\u00edlkoviny. Tento mal\u00fd z\u00e1zrak m\u016f\u017ee toti\u017e va\u0161i ple\u0165 zm\u011bnit k nepozn\u00e1n\u00ed. Uhodli jste, \u017ee se jedn\u00e1 o kolagen? Tato extr\u00e9mn\u011b d\u016fle\u017eit\u00e1 b\u00edlkovina se nach\u00e1z\u00ed v t\u011ble ka\u017ed\u00e9ho z n\u00e1s. V prvn\u00edch letech \u017eivota si j\u00ed na\u0161e t\u011blo vytv\u00e1\u0159\u00ed ve velk\u00e9 m\u00ed\u0159e samo. Nicm\u00e9n\u011b s postupuj\u00edc\u00edm v\u011bkem lidsk\u00fd organismus vyr\u00e1b\u00ed kolagenu m\u00e9n\u011b. A pr\u00e1v\u011b v tu chv\u00edli se za\u010d\u00edn\u00e1 projevovat st\u00e1rnut\u00ed pleti a objevuj\u00ed se prvn\u00ed vr\u00e1sky. Tvorba vr\u00e1sek jde ale do jist\u00e9 m\u00edry potla\u010dit u\u017e\u00edv\u00e1n\u00edm velk\u00fdch d\u00e1vek \u010dist\u00e9ho kolagenu. Pod\u00edvejte se na str\u00e1nky \u010dist\u00fd kolagen a zjist\u011bte, jak m\u016f\u017eete kolagen vyu\u017e\u00edt ve sv\u016fj prosp\u011bch a omladit svou ple\u0165. P\u0159i spr\u00e1vn\u011b zvolen\u00e9m typu a d\u00e1vkov\u00e1n\u00ed tohoto p\u0159\u00edrodn\u00edho proteinu m\u016f\u017eete sv\u00fdm vr\u00e1sk\u00e1m d\u00e1t sbohem.                                                                                                                                                                                                                                                                                                                                                                                           4.5\/5 - (6 votes)        "},{"@context":"https:\/\/schema.org\/","@type":"BreadcrumbList","itemListElement":[{"@type":"ListItem","position":1,"name":"Zastavte st\u00e1rnut\u00ed pleti a zbavte se vr\u00e1sek!","item":"https:\/\/www.desan.cz\/zastavte-starnuti-pleti-a-zbavte-se-vrasek\/#breadcrumbitem"}]}]